{"id":13961,"date":"2021-04-09T10:23:12","date_gmt":"2021-04-09T08:23:12","guid":{"rendered":"https:\/\/www.rauhaardackel.bayern\/beppi-080421\/"},"modified":"2021-04-09T10:23:59","modified_gmt":"2021-04-09T08:23:59","slug":"beppi-080421","status":"publish","type":"post","link":"https:\/\/www.rauhaardackel.bayern\/en\/beppi-080421\/","title":{"rendered":"Beppi \ud83d\udc9a"},"content":{"rendered":"<section class=\"l-section wpb_row height_small\"><div class=\"l-section-h i-cf\"><div class=\"g-cols vc_row via_flex valign_top type_default stacking_default\"><div class=\"vc_col-sm-12 wpb_column vc_column_container\"><div class=\"vc_column-inner\"><div class=\"wpb_wrapper\"><div class=\"wpb_text_column\"><div class=\"wpb_wrapper\"><p>\ud83c\udf37 Fr\u00fchlingsgr\u00fc\u00dfe von Emil \ud83c\udf37<\/p>\n<p>\ud83d\udc9a Beppi vom Kreuzlinger Forst \ud83d\udc9a<\/p>\n<\/div><\/div><div class=\"w-separator size_medium\"><\/div><div class=\"w-image style_shadow-1 align_center us_animate_afc\"><a ref=\"magnificPopup\" href=\"https:\/\/www.rauhaardackel.bayern\/wp-content\/uploads\/2021\/04\/001_beppi_rauhaardackel_bayern_080421.jpg\" aria-label=\"Beppi vom Kreuzlinger Forst\" class=\"w-image-h\"><img decoding=\"async\" width=\"600\" height=\"598\" src=\"https:\/\/www.rauhaardackel.bayern\/wp-content\/uploads\/2021\/04\/001_beppi_rauhaardackel_bayern_080421-600x598.jpg\" class=\"attachment-us_600_0 size-us_600_0\" alt=\"\" loading=\"lazy\" srcset=\"https:\/\/www.rauhaardackel.bayern\/wp-content\/uploads\/2021\/04\/001_beppi_rauhaardackel_bayern_080421-600x598.jpg 600w, https:\/\/www.rauhaardackel.bayern\/wp-content\/uploads\/2021\/04\/001_beppi_rauhaardackel_bayern_080421-300x300.jpg 300w, https:\/\/www.rauhaardackel.bayern\/wp-content\/uploads\/2021\/04\/001_beppi_rauhaardackel_bayern_080421-1024x1020.jpg 1024w, https:\/\/www.rauhaardackel.bayern\/wp-content\/uploads\/2021\/04\/001_beppi_rauhaardackel_bayern_080421-150x150.jpg 150w, https:\/\/www.rauhaardackel.bayern\/wp-content\/uploads\/2021\/04\/001_beppi_rauhaardackel_bayern_080421-350x350.jpg 350w, https:\/\/www.rauhaardackel.bayern\/wp-content\/uploads\/2021\/04\/001_beppi_rauhaardackel_bayern_080421-200x200.jpg 200w, https:\/\/www.rauhaardackel.bayern\/wp-content\/uploads\/2021\/04\/001_beppi_rauhaardackel_bayern_080421-400x399.jpg 400w, https:\/\/www.rauhaardackel.bayern\/wp-content\/uploads\/2021\/04\/001_beppi_rauhaardackel_bayern_080421-500x498.jpg 500w, https:\/\/www.rauhaardackel.bayern\/wp-content\/uploads\/2021\/04\/001_beppi_rauhaardackel_bayern_080421.jpg 1125w\" sizes=\"auto, (max-width: 600px) 100vw, 600px\" \/><\/a><\/div><\/div><\/div><\/div><\/div><\/div><\/section>\n","protected":false},"excerpt":{"rendered":"\ud83c\udf37 Fr\u00fchlingsgr\u00fc\u00dfe von Emil \ud83c\udf37 \ud83d\udc9a Beppi vom Kreuzlinger Forst \ud83d\udc9a","protected":false},"author":1,"featured_media":13959,"comment_status":"closed","ping_status":"closed","sticky":false,"template":"","format":"standard","meta":{"footnotes":""},"categories":[890,891],"tags":[],"class_list":["post-13961","post","type-post","status-publish","format-standard","has-post-thumbnail","hentry","category-b-wurf-en","category-nachzucht-en"],"_links":{"self":[{"href":"https:\/\/www.rauhaardackel.bayern\/en\/wp-json\/wp\/v2\/posts\/13961","targetHints":{"allow":["GET"]}}],"collection":[{"href":"https:\/\/www.rauhaardackel.bayern\/en\/wp-json\/wp\/v2\/posts"}],"about":[{"href":"https:\/\/www.rauhaardackel.bayern\/en\/wp-json\/wp\/v2\/types\/post"}],"author":[{"embeddable":true,"href":"https:\/\/www.rauhaardackel.bayern\/en\/wp-json\/wp\/v2\/users\/1"}],"replies":[{"embeddable":true,"href":"https:\/\/www.rauhaardackel.bayern\/en\/wp-json\/wp\/v2\/comments?post=13961"}],"version-history":[{"count":1,"href":"https:\/\/www.rauhaardackel.bayern\/en\/wp-json\/wp\/v2\/posts\/13961\/revisions"}],"predecessor-version":[{"id":13962,"href":"https:\/\/www.rauhaardackel.bayern\/en\/wp-json\/wp\/v2\/posts\/13961\/revisions\/13962"}],"wp:featuredmedia":[{"embeddable":true,"href":"https:\/\/www.rauhaardackel.bayern\/en\/wp-json\/wp\/v2\/media\/13959"}],"wp:attachment":[{"href":"https:\/\/www.rauhaardackel.bayern\/en\/wp-json\/wp\/v2\/media?parent=13961"}],"wp:term":[{"taxonomy":"category","embeddable":true,"href":"https:\/\/www.rauhaardackel.bayern\/en\/wp-json\/wp\/v2\/categories?post=13961"},{"taxonomy":"post_tag","embeddable":true,"href":"https:\/\/www.rauhaardackel.bayern\/en\/wp-json\/wp\/v2\/tags?post=13961"}],"curies":[{"name":"wp","href":"https:\/\/api.w.org\/{rel}","templated":true}]}}